{"id":11609,"date":"2026-01-27T19:50:40","date_gmt":"2026-01-27T19:50:40","guid":{"rendered":"https:\/\/diyhaven858.wasmer.app\/index.php\/spain-plans-to-give-500000-undocumented-migrants-legal-status\/"},"modified":"2026-01-27T19:50:40","modified_gmt":"2026-01-27T19:50:40","slug":"spain-plans-to-give-500000-undocumented-migrants-legal-status","status":"publish","type":"post","link":"https:\/\/diyhaven858.wasmer.app\/index.php\/spain-plans-to-give-500000-undocumented-migrants-legal-status\/","title":{"rendered":"Spain plans to give 500,000 undocumented migrants legal status"},"content":{"rendered":"<p> <br \/>\n<\/p>\n<div data-component=\"text-block\">\n<p class=\"sc-9a00e533-0 eZyhnA\">The Spanish government has announced a plan to legalise the status of undocumented migrants, a measure expected to benefit at least half a million people.<\/p>\n<p class=\"sc-9a00e533-0 eZyhnA\">Regularisation will be available to foreign nationals who do not have a criminal record and can prove they lived in Spain for at least five months prior to 31 December 2025.<\/p>\n<p class=\"sc-9a00e533-0 eZyhnA\">&#8220;This is an historic day for our country,&#8221; said Elma Saiz, Spain&#8217;s minister of inclusion, social security and migration. <\/p>\n<p class=\"sc-9a00e533-0 eZyhnA\">The measure will provide beneficiaries with an initial one-year residence permit, which can then be extended. Requests for legalisation are expected to begin in April and the process will remain open until the end of June.<\/p>\n<\/div>\n<div data-component=\"text-block\">\n<p class=\"sc-9a00e533-0 eZyhnA\">&#8220;We are reinforcing a migratory model based on human rights, integration, co-existence and which is compatible with economic growth and social cohesion,&#8221; Saiz said.<\/p>\n<p class=\"sc-9a00e533-0 eZyhnA\">Spain has seen a large influx of migrants in recent years, mainly from Latin America.<\/p>\n<p class=\"sc-9a00e533-0 eZyhnA\">The conservative think-tank Funcas found that the number of undocumented migrants in Spain had risen from 107,409 in 2017 to 837,938 in 2025 &#8211; an eight-fold increase. <\/p>\n<p class=\"sc-9a00e533-0 eZyhnA\">The highest number of undocumented arrivals currently living in Spain are believed to be from Colombia, Peru and Honduras.<\/p>\n<p class=\"sc-9a00e533-0 eZyhnA\">Spain&#8217;s socialist-led coalition government has been an outlier on this issue among the larger European nations, underlining the importance of migrants for the economy. <\/p>\n<p class=\"sc-9a00e533-0 eZyhnA\">The country has been outperforming the other main EU economies in recent years, posting expected growth of close to 3% in 2025.<\/p>\n<p class=\"sc-9a00e533-0 eZyhnA\">Unemployment, a longstanding weakness of the Spanish economy, has dipped below 10% for the first time since 2008, according to figures released on Tuesday.<\/p>\n<\/div>\n<div data-component=\"text-block\">\n<p class=\"sc-9a00e533-0 eZyhnA\">Prime Minister Pedro S\u00e1nchez has described immigrants as representing &#8220;wealth, development and prosperity&#8221; for Spain, pointing to their contribution to the social security system.<\/p>\n<p class=\"sc-9a00e533-0 eZyhnA\">The government and parties on the left have also emphasised the need to treat migrants in a humane way.<\/p>\n<p class=\"sc-9a00e533-0 eZyhnA\">&#8220;Providing rights is the answer to racism,&#8221; said Irene Montero, of the far-left Podemos party and a former minister in a coalition government with the Socialists.<\/p>\n<p class=\"sc-9a00e533-0 eZyhnA\">She has campaigned for this measure, which followed an agreement between the party and the government. A civic legislative proposal, calling for a mass migrant regularisation, received the support of around 700,000 people but had been languishing in parliament.<\/p>\n<p class=\"sc-9a00e533-0 eZyhnA\">This measure will be approved by royal decree, meaning it does not require parliamentary approval.<\/p>\n<p class=\"sc-9a00e533-0 eZyhnA\">It is the first large-scale migrant regularisation in Spain for two decades.<\/p>\n<p class=\"sc-9a00e533-0 eZyhnA\">Several such initiatives, by governments of both the Socialists and the conservative People&#8217;s Party (PP), legalised the status of an estimated half a million migrants between 1986 and 2005.<\/p>\n<p class=\"sc-9a00e533-0 eZyhnA\">However, Alberto N\u00fa\u00f1ez Feij\u00f3o, leader of the PP, said the latest mass legalisation would &#8220;increase the pull effect and overwhelm our public services&#8221;.<\/p>\n<p class=\"sc-9a00e533-0 eZyhnA\">Pepa Mill\u00e1n, spokeswoman for the far-right Vox, said the initiative &#8220;attacks our identity&#8221;, adding that the party would appeal before the Supreme Court in a bid to block it.<\/p>\n<\/div>\n<p><br \/>\n<br \/><a ><\/p>\n","protected":false},"excerpt":{"rendered":"<p>The Spanish government has announced a plan to legalise the status of undocumented migrants, a measure expected to benefit at least half a million people. Regularisation will be available to foreign nationals who do not have a criminal record and can prove they lived in Spain for at least five months prior to 31 December [&hellip;]<\/p>\n","protected":false},"author":1,"featured_media":11610,"comment_status":"open","ping_status":"open","sticky":false,"template":"","format":"standard","meta":{"_daextam_enable_autolinks":"","jetpack_post_was_ever_published":false,"_jetpack_newsletter_access":"","_jetpack_dont_email_post_to_subs":false,"_jetpack_newsletter_tier_id":0,"_jetpack_memberships_contains_paywalled_content":false,"_jetpack_memberships_contains_paid_content":false,"footnotes":"","jetpack_publicize_message":"","jetpack_publicize_feature_enabled":true,"jetpack_social_post_already_shared":true,"jetpack_social_options":{"image_generator_settings":{"template":"highway","default_image_id":0,"font":"","enabled":false},"version":2}},"categories":[9],"tags":[],"class_list":["post-11609","post","type-post","status-publish","format-standard","has-post-thumbnail","hentry","category-breaking-news"],"jetpack_publicize_connections":[],"jetpack_featured_media_url":"https:\/\/diyhaven858.wasmer.app\/wp-content\/uploads\/2026\/01\/4120f660-fb9a-11f0-a1ee-f9a3598885a9.jpg","jetpack_sharing_enabled":true,"jetpack-related-posts":[],"_links":{"self":[{"href":"https:\/\/diyhaven858.wasmer.app\/index.php\/wp-json\/wp\/v2\/posts\/11609","targetHints":{"allow":["GET"]}}],"collection":[{"href":"https:\/\/diyhaven858.wasmer.app\/index.php\/wp-json\/wp\/v2\/posts"}],"about":[{"href":"https:\/\/diyhaven858.wasmer.app\/index.php\/wp-json\/wp\/v2\/types\/post"}],"author":[{"embeddable":true,"href":"https:\/\/diyhaven858.wasmer.app\/index.php\/wp-json\/wp\/v2\/users\/1"}],"replies":[{"embeddable":true,"href":"https:\/\/diyhaven858.wasmer.app\/index.php\/wp-json\/wp\/v2\/comments?post=11609"}],"version-history":[{"count":0,"href":"https:\/\/diyhaven858.wasmer.app\/index.php\/wp-json\/wp\/v2\/posts\/11609\/revisions"}],"wp:featuredmedia":[{"embeddable":true,"href":"https:\/\/diyhaven858.wasmer.app\/index.php\/wp-json\/wp\/v2\/media\/11610"}],"wp:attachment":[{"href":"https:\/\/diyhaven858.wasmer.app\/index.php\/wp-json\/wp\/v2\/media?parent=11609"}],"wp:term":[{"taxonomy":"category","embeddable":true,"href":"https:\/\/diyhaven858.wasmer.app\/index.php\/wp-json\/wp\/v2\/categories?post=11609"},{"taxonomy":"post_tag","embeddable":true,"href":"https:\/\/diyhaven858.wasmer.app\/index.php\/wp-json\/wp\/v2\/tags?post=11609"}],"curies":[{"name":"wp","href":"https:\/\/api.w.org\/{rel}","templated":true}]}}