{"id":78590,"date":"2026-04-17T08:06:07","date_gmt":"2026-04-17T08:06:07","guid":{"rendered":"https:\/\/diyhaven858.wasmer.app\/index.php\/serie-a-wk33-inter-vs-cagliari\/"},"modified":"2026-04-17T08:06:07","modified_gmt":"2026-04-17T08:06:07","slug":"serie-a-wk33-inter-vs-cagliari","status":"publish","type":"post","link":"https:\/\/diyhaven858.wasmer.app\/index.php\/serie-a-wk33-inter-vs-cagliari\/","title":{"rendered":"Serie A Wk33: Inter vs. Cagliari"},"content":{"rendered":"<p> <br \/>\n<\/p>\n<div id=\"\">\n<div class=\"img-cntr\"><picture><img decoding=\"async\" src=\"https:\/\/icdn.football-italia.net\/wp-content\/uploads\/2025\/09\/Michael-Folorunsho-Cagliari-Inter.jpg\" class=\"wp-image-918359\" alt=\"CAGLIARI, ITALY - SEPTEMBER 27: Michael Folorunsho of Cagliari in contrast during the Serie A match between Cagliari Calcio and FC Internazionale at Stadio Sant'Elia on September 27, 2025 in Cagliari, Italy. (Photo by Enrico Locci\/Getty Images)\" srcset=\"https:\/\/icdn.football-italia.net\/wp-content\/uploads\/2025\/09\/Michael-Folorunsho-Cagliari-Inter-310x207.jpg 310w,https:\/\/icdn.football-italia.net\/wp-content\/uploads\/2025\/09\/Michael-Folorunsho-Cagliari-Inter-320x213.jpg 320w,https:\/\/icdn.football-italia.net\/wp-content\/uploads\/2025\/09\/Michael-Folorunsho-Cagliari-Inter-414x276.jpg 414w,https:\/\/icdn.football-italia.net\/wp-content\/uploads\/2025\/09\/Michael-Folorunsho-Cagliari-Inter-630x420.jpg 630w,https:\/\/icdn.football-italia.net\/wp-content\/uploads\/2025\/09\/Michael-Folorunsho-Cagliari-Inter-768x512.jpg 768w,https:\/\/icdn.football-italia.net\/wp-content\/uploads\/2025\/09\/Michael-Folorunsho-Cagliari-Inter-770x513.jpg 770w,https:\/\/icdn.football-italia.net\/wp-content\/uploads\/2025\/09\/Michael-Folorunsho-Cagliari-Inter-900x600.jpg 900w,https:\/\/icdn.football-italia.net\/wp-content\/uploads\/2025\/09\/Michael-Folorunsho-Cagliari-Inter-1024x683.jpg 1024w\" sizes=\"(min-width:1665px) 1155px, (min-width:768px) 69vw, (min-width:576px) 60vw, 92vw\" fetchpriority=\"high\" style=\"aspect-ratio:1200\/800;max-width:1024px\"\/><\/picture><\/div>\n<p>CAGLIARI, ITALY &#8211; SEPTEMBER 27: Michael Folorunsho of Cagliari in contrast during the Serie A match between Cagliari Calcio and FC Internazionale at Stadio Sant&#8217;Elia on September 27, 2025 in Cagliari, Italy. (Photo by Enrico Locci\/Getty Images)<\/p>\n<\/div>\n<div id=\"\">&#13;<br \/>\n                <!-- Article Start --><\/p>\n<p>The Esposito brothers, Pio Esposito and Sebastiano, are expected to start in a Serie A match between Inter and Cagliari this evening, with Carlos Augusto replacing Alessandro Bastoni in the Nerazzurri\u2019s defence.<\/p>\n<p>It kicks off at 20:45 CET (19:45 BST) at the Stadio Meazza in San Siro, Milan.<\/p>\n<figure id=\"attachment_943094\" aria-describedby=\"caption-attachment-943094\" style=\"\" class=\"wp-caption alignnone\"><img loading=\"lazy\" decoding=\"async\" width=\"1200\" height=\"800\" src=\"https:\/\/icdn.football-italia.net\/wp-content\/uploads\/2026\/02\/Francesco-Pio-Esposito-warming-up.jpg\" class=\"lazyload lazyload wp-image-943094 size-medium\" alt=\"LECCE, ITALY - FEBRUARY 21: Francesco Pio Esposito of Inter warms up prior to the Serie A match between US Lecce and FC Internazionale at Stadio Via del Mare on February 21, 2026 in Lecce, Italy. (Photo by Maurizio Lagana\/Getty Images)\" srcset=\"https:\/\/icdn.football-italia.net\/wp-content\/uploads\/2026\/02\/Francesco-Pio-Esposito-warming-up-310x207.jpg 310w,https:\/\/icdn.football-italia.net\/wp-content\/uploads\/2026\/02\/Francesco-Pio-Esposito-warming-up-320x213.jpg 320w,https:\/\/icdn.football-italia.net\/wp-content\/uploads\/2026\/02\/Francesco-Pio-Esposito-warming-up-414x276.jpg 414w,https:\/\/icdn.football-italia.net\/wp-content\/uploads\/2026\/02\/Francesco-Pio-Esposito-warming-up-630x420.jpg 630w,https:\/\/icdn.football-italia.net\/wp-content\/uploads\/2026\/02\/Francesco-Pio-Esposito-warming-up-768x512.jpg 768w,https:\/\/icdn.football-italia.net\/wp-content\/uploads\/2026\/02\/Francesco-Pio-Esposito-warming-up-770x513.jpg 770w,https:\/\/icdn.football-italia.net\/wp-content\/uploads\/2026\/02\/Francesco-Pio-Esposito-warming-up-900x600.jpg 900w,https:\/\/icdn.football-italia.net\/wp-content\/uploads\/2026\/02\/Francesco-Pio-Esposito-warming-up-1024x683.jpg 1024w,https:\/\/icdn.football-italia.net\/wp-content\/uploads\/2026\/02\/Francesco-Pio-Esposito-warming-up.jpg 1200w\" data-sizes=\"(min-width:1665px) 1155px, (min-width:768px) 69vw, (min-width:576px) 60vw, 92vw\" style=\"aspect-ratio:1200\/800;max-width:1200px\"\/><figcaption id=\"caption-attachment-943094\" class=\"wp-caption-text\">LECCE, ITALY \u2013 FEBRUARY 21: Francesco Pio Esposito of Inter warms up prior to the Serie A match between US Lecce and FC Internazionale at Stadio Via del Mare on February 21, 2026 in Lecce, Italy. (Photo by Maurizio Lagana\/Getty Images)<\/figcaption><\/figure>\n<p>The Nerazzurri are the Serie A table leaders with a nine-point lead over second-placed Napoli, but come to this match without the injured Lautaro Martinez and Yann Bisseck, while Bastoni will be rested to regain full fitness, and Petar Sucic is suspended.<\/p>\n<p>Italian sources, including Sky Sport Italia, claim that Italy international Pio Esposito is favourite over Ange-Yoan Bonny for a starting spot in attack alongside Thuram.<\/p>\n<p>There\u2019s a doubt in central midfield as well, with Piotr Zielinski or Henrikh Mkhitaryan starting alongside Nicol\u00f2 Barella and Hakan Calhanoglu.<\/p>\n<p><span>Mattia Felici, Riyad Idrissi, Leonardo Pavoletti and Luca Mazzitelli are unavailable for Cagliari, where Gennaro Borrelli or Semih K\u0131l\u0131\u00e7soy will start alongside Sebastiano Esposito, Pio Esposito\u2019s brother, in attack.<\/span><\/p>\n<figure id=\"attachment_935674\" aria-describedby=\"caption-attachment-935674\" style=\"\" class=\"wp-caption alignnone\"><img loading=\"lazy\" decoding=\"async\" width=\"1200\" height=\"801\" src=\"https:\/\/icdn.football-italia.net\/wp-content\/uploads\/2026\/01\/Sebastiano-Esposito-Cagliari.jpg\" class=\"lazyload lazyload wp-image-935674 size-medium\" alt=\"GENOA, ITALY - JANUARY 12: Sebastiano Esposito of Cagliari looks on during the Serie A match between Genoa CFC and Cagliari Calcio at Stadio Luigi Ferraris on January 12, 2026 in Genoa, Italy. (Photo by Simone Arveda\/Getty Images)\" srcset=\"https:\/\/icdn.football-italia.net\/wp-content\/uploads\/2026\/01\/Sebastiano-Esposito-Cagliari-310x207.jpg 310w,https:\/\/icdn.football-italia.net\/wp-content\/uploads\/2026\/01\/Sebastiano-Esposito-Cagliari-320x214.jpg 320w,https:\/\/icdn.football-italia.net\/wp-content\/uploads\/2026\/01\/Sebastiano-Esposito-Cagliari-414x276.jpg 414w,https:\/\/icdn.football-italia.net\/wp-content\/uploads\/2026\/01\/Sebastiano-Esposito-Cagliari-630x421.jpg 630w,https:\/\/icdn.football-italia.net\/wp-content\/uploads\/2026\/01\/Sebastiano-Esposito-Cagliari-768x513.jpg 768w,https:\/\/icdn.football-italia.net\/wp-content\/uploads\/2026\/01\/Sebastiano-Esposito-Cagliari-770x514.jpg 770w,https:\/\/icdn.football-italia.net\/wp-content\/uploads\/2026\/01\/Sebastiano-Esposito-Cagliari-900x601.jpg 900w,https:\/\/icdn.football-italia.net\/wp-content\/uploads\/2026\/01\/Sebastiano-Esposito-Cagliari-1024x684.jpg 1024w,https:\/\/icdn.football-italia.net\/wp-content\/uploads\/2026\/01\/Sebastiano-Esposito-Cagliari.jpg 1200w\" data-sizes=\"(min-width:1665px) 1155px, (min-width:768px) 69vw, (min-width:576px) 60vw, 92vw\" style=\"aspect-ratio:1200\/801;max-width:1200px\"\/><figcaption id=\"caption-attachment-935674\" class=\"wp-caption-text\">GENOA, ITALY \u2013 JANUARY 12: Sebastiano Esposito of Cagliari looks on during the Serie A match between Genoa CFC and Cagliari Calcio at Stadio Luigi Ferraris on January 12, 2026 in Genoa, Italy. (Photo by Simone Arveda\/Getty Images)<\/figcaption><\/figure>\n<h2>Inter vs. Cagliari \u2013 where to watch on TV<\/h2>\n<p>The match will be broadcast live on DAZN in the UK and Ireland and on Paramount+ in the USA. Football Italia will provide live updates via a liveblog.<\/p>\n<h2>Inter vs. Cagliari \u2013 probable line-ups<\/h2>\n<p><strong>Inter (3-5-2):<\/strong> <span>Sommer; Akanji, De Vrij, Carlos Augusto; Dumfries, Barella, Calhanoglu, Zielinski, Dimarco; Pio Esposito, Thuram.<\/span><\/p>\n<p><strong>Cagliari (3-5-2):<\/strong> <span>Caprile; Ze Pedro, Mina, Obert; Palestra, Adopo, Gaetano, Folorunsho, Deiola; Borrelli, S. Esposito.<\/span><\/p>\n<p>\u00a0<\/p>\n<p><!-- Article End -->                                &#13;<\/p>\n<nav class=\"navigation post-navigation\" aria-label=\"Posts\">&#13;<\/p>\n<h2 class=\"screen-reader-text\">Post navigation<\/h2>\n<p>&#13;<br \/>\n\t\t\t\t\t&#13;<br \/>\n\t\t\t\t<\/nav>\n<p>&#13;\n\t\t\t\t                <\/p><\/div>\n<p><br \/>\n<br \/><a><\/p>\n","protected":false},"excerpt":{"rendered":"<p>CAGLIARI, ITALY &#8211; SEPTEMBER 27: Michael Folorunsho of Cagliari in contrast during the Serie A match between Cagliari Calcio and FC Internazionale at Stadio Sant&#8217;Elia on September 27, 2025 in Cagliari, Italy. (Photo by Enrico Locci\/Getty Images) &#13; The Esposito brothers, Pio Esposito and Sebastiano, are expected to start in a Serie A match between [&hellip;]<\/p>\n","protected":false},"author":1,"featured_media":78591,"comment_status":"open","ping_status":"open","sticky":false,"template":"","format":"standard","meta":{"_daextam_enable_autolinks":"","jetpack_post_was_ever_published":false,"_jetpack_newsletter_access":"","_jetpack_dont_email_post_to_subs":false,"_jetpack_newsletter_tier_id":0,"_jetpack_memberships_contains_paywalled_content":false,"_jetpack_memberships_contains_paid_content":false,"footnotes":"","jetpack_publicize_message":"","jetpack_publicize_feature_enabled":true,"jetpack_social_post_already_shared":true,"jetpack_social_options":{"image_generator_settings":{"template":"highway","default_image_id":0,"font":"","enabled":false},"version":2}},"categories":[13],"tags":[],"class_list":["post-78590","post","type-post","status-publish","format-standard","has-post-thumbnail","hentry","category-football-transfers"],"jetpack_publicize_connections":[],"jetpack_featured_media_url":"https:\/\/diyhaven858.wasmer.app\/wp-content\/uploads\/2026\/04\/Michael-Folorunsho-Cagliari-Inter.jpg","jetpack_sharing_enabled":true,"jetpack-related-posts":[],"_links":{"self":[{"href":"https:\/\/diyhaven858.wasmer.app\/index.php\/wp-json\/wp\/v2\/posts\/78590","targetHints":{"allow":["GET"]}}],"collection":[{"href":"https:\/\/diyhaven858.wasmer.app\/index.php\/wp-json\/wp\/v2\/posts"}],"about":[{"href":"https:\/\/diyhaven858.wasmer.app\/index.php\/wp-json\/wp\/v2\/types\/post"}],"author":[{"embeddable":true,"href":"https:\/\/diyhaven858.wasmer.app\/index.php\/wp-json\/wp\/v2\/users\/1"}],"replies":[{"embeddable":true,"href":"https:\/\/diyhaven858.wasmer.app\/index.php\/wp-json\/wp\/v2\/comments?post=78590"}],"version-history":[{"count":0,"href":"https:\/\/diyhaven858.wasmer.app\/index.php\/wp-json\/wp\/v2\/posts\/78590\/revisions"}],"wp:featuredmedia":[{"embeddable":true,"href":"https:\/\/diyhaven858.wasmer.app\/index.php\/wp-json\/wp\/v2\/media\/78591"}],"wp:attachment":[{"href":"https:\/\/diyhaven858.wasmer.app\/index.php\/wp-json\/wp\/v2\/media?parent=78590"}],"wp:term":[{"taxonomy":"category","embeddable":true,"href":"https:\/\/diyhaven858.wasmer.app\/index.php\/wp-json\/wp\/v2\/categories?post=78590"},{"taxonomy":"post_tag","embeddable":true,"href":"https:\/\/diyhaven858.wasmer.app\/index.php\/wp-json\/wp\/v2\/tags?post=78590"}],"curies":[{"name":"wp","href":"https:\/\/api.w.org\/{rel}","templated":true}]}}