{"id":88861,"date":"2026-05-02T06:37:15","date_gmt":"2026-05-02T06:37:15","guid":{"rendered":"https:\/\/diyhaven858.wasmer.app\/index.php\/mctominay-is-average-ex-roma-man-nainggolan-slams-napoli-star\/"},"modified":"2026-05-02T06:37:15","modified_gmt":"2026-05-02T06:37:15","slug":"mctominay-is-average-ex-roma-man-nainggolan-slams-napoli-star","status":"publish","type":"post","link":"https:\/\/diyhaven858.wasmer.app\/index.php\/mctominay-is-average-ex-roma-man-nainggolan-slams-napoli-star\/","title":{"rendered":"&#8216;McTominay is average&#8217; &#8211; Ex Roma man Nainggolan slams Napoli star"},"content":{"rendered":"<p> <br \/>\n<\/p>\n<div>\n<div class=\"img-cntr\"><picture><source type=\"image\/webp\" data-srcset=\"https:\/\/icdn.football-italia.net\/wp-content\/uploads\/2025\/01\/as-roma-v-acf-fiorentina-serie-a-1-310x202.jpg.webp 310w,https:\/\/icdn.football-italia.net\/wp-content\/uploads\/2025\/01\/as-roma-v-acf-fiorentina-serie-a-1-320x209.jpg.webp 320w,https:\/\/icdn.football-italia.net\/wp-content\/uploads\/2025\/01\/as-roma-v-acf-fiorentina-serie-a-1-414x270.jpg.webp 414w,https:\/\/icdn.football-italia.net\/wp-content\/uploads\/2025\/01\/as-roma-v-acf-fiorentina-serie-a-1-630x411.jpg.webp 630w,https:\/\/icdn.football-italia.net\/wp-content\/uploads\/2025\/01\/as-roma-v-acf-fiorentina-serie-a-1-768x502.jpg.webp 768w,https:\/\/icdn.football-italia.net\/wp-content\/uploads\/2025\/01\/as-roma-v-acf-fiorentina-serie-a-1-770x503.jpg.webp 770w,https:\/\/icdn.football-italia.net\/wp-content\/uploads\/2025\/01\/as-roma-v-acf-fiorentina-serie-a-1-900x588.jpg.webp 900w,https:\/\/icdn.football-italia.net\/wp-content\/uploads\/2025\/01\/as-roma-v-acf-fiorentina-serie-a-1-1024x669.jpg.webp 1024w,https:\/\/icdn.football-italia.net\/wp-content\/uploads\/2025\/01\/as-roma-v-acf-fiorentina-serie-a-1-1200x784.jpg.webp 1200w,https:\/\/icdn.football-italia.net\/wp-content\/uploads\/2025\/01\/as-roma-v-acf-fiorentina-serie-a-1.jpg.webp 1225w\" data-sizes=\"(min-width:1665px) 1155px, (min-width:768px) 69vw, (min-width:576px) 60vw, 92vw\"><img decoding=\"async\" src=\"https:\/\/icdn.football-italia.net\/wp-content\/uploads\/2025\/01\/as-roma-v-acf-fiorentina-serie-a-1.jpg\" class=\"wp-image-861158 has-webp\" alt=\"Radja Nainggolan of AS Roma gestures during the Serie A match between AS Roma and ACF Fiorentina at Stadio Olimpico on February 7, 2017 in Rome, Italy. (Photo by Paolo Bruno\/Getty Images )\" srcset=\"https:\/\/icdn.football-italia.net\/wp-content\/uploads\/2025\/01\/as-roma-v-acf-fiorentina-serie-a-1-310x202.jpg 310w,https:\/\/icdn.football-italia.net\/wp-content\/uploads\/2025\/01\/as-roma-v-acf-fiorentina-serie-a-1-320x209.jpg 320w,https:\/\/icdn.football-italia.net\/wp-content\/uploads\/2025\/01\/as-roma-v-acf-fiorentina-serie-a-1-414x270.jpg 414w,https:\/\/icdn.football-italia.net\/wp-content\/uploads\/2025\/01\/as-roma-v-acf-fiorentina-serie-a-1-630x411.jpg 630w,https:\/\/icdn.football-italia.net\/wp-content\/uploads\/2025\/01\/as-roma-v-acf-fiorentina-serie-a-1-768x502.jpg 768w,https:\/\/icdn.football-italia.net\/wp-content\/uploads\/2025\/01\/as-roma-v-acf-fiorentina-serie-a-1-770x503.jpg 770w,https:\/\/icdn.football-italia.net\/wp-content\/uploads\/2025\/01\/as-roma-v-acf-fiorentina-serie-a-1-900x588.jpg 900w,https:\/\/icdn.football-italia.net\/wp-content\/uploads\/2025\/01\/as-roma-v-acf-fiorentina-serie-a-1-1024x669.jpg 1024w,https:\/\/icdn.football-italia.net\/wp-content\/uploads\/2025\/01\/as-roma-v-acf-fiorentina-serie-a-1-1200x784.jpg 1200w\" sizes=\"(min-width:1665px) 1155px, (min-width:768px) 69vw, (min-width:576px) 60vw, 92vw\" fetchpriority=\"high\" style=\"aspect-ratio:1225\/800;max-width:1225px\"\/><\/source><\/picture><\/div>\n<p>Radja Nainggolan of AS Roma gestures during the Serie A match between AS Roma and ACF Fiorentina at Stadio Olimpico on February 7, 2017 in Rome, Italy.  (Photo by Paolo Bruno\/Getty Images )<\/p>\n<article class=\"small single\">&#13;<br \/>\n                <!-- Article Start --><\/p>\n<p>Former Roma midfielder Radja Nainggolan has offered a characteristically outspoken take on Scott McTominay, questioning the Manchester United man\u2019s all-round quality despite his eye for goal.<\/p>\n<p><span>Read Football Italia Ad-Free and get access to Exclusive News &amp; Content \u2013 Free Trial \u2013 Click Here<\/span><\/p>\n<p>Speaking to Sky Calcio Unplugged, via TuttoMercatoWeb, Nainggolan said: \u201cI don\u2019t like him. He scores a lot of goals, but in general play\u2026 he\u2019ll always get 12, 13, 14 goals, but if he has to build play he doesn\u2019t have the technique to operate between the lines. He\u2019s an average player.\u201d<\/p>\n<figure id=\"attachment_951420\" aria-describedby=\"caption-attachment-951420\" style=\"\" class=\"wp-caption alignnone\"><img loading=\"lazy\" decoding=\"async\" width=\"1200\" height=\"800\" src=\"https:\/\/icdn.football-italia.net\/wp-content\/uploads\/2026\/04\/Scott-McTominay-shh.jpg\" class=\"lazyload lazyload wp-image-951420 size-medium\" alt=\"PARMA, ITALY - APRIL 12: Scott McTominay of Napoli SSC reacts during the Serie A match between Parma Calcio 1913 and SSC Napoli at Stadio Ennio Tardini on April 12, 2026 in Parma, Italy. (Photo by Emmanuele Ciancaglini\/Getty Images)\" srcset=\"https:\/\/icdn.football-italia.net\/wp-content\/uploads\/2026\/04\/Scott-McTominay-shh-310x207.jpg 310w,https:\/\/icdn.football-italia.net\/wp-content\/uploads\/2026\/04\/Scott-McTominay-shh-320x213.jpg 320w,https:\/\/icdn.football-italia.net\/wp-content\/uploads\/2026\/04\/Scott-McTominay-shh-414x276.jpg 414w,https:\/\/icdn.football-italia.net\/wp-content\/uploads\/2026\/04\/Scott-McTominay-shh-630x420.jpg 630w,https:\/\/icdn.football-italia.net\/wp-content\/uploads\/2026\/04\/Scott-McTominay-shh-768x512.jpg 768w,https:\/\/icdn.football-italia.net\/wp-content\/uploads\/2026\/04\/Scott-McTominay-shh-770x513.jpg 770w,https:\/\/icdn.football-italia.net\/wp-content\/uploads\/2026\/04\/Scott-McTominay-shh-900x600.jpg 900w,https:\/\/icdn.football-italia.net\/wp-content\/uploads\/2026\/04\/Scott-McTominay-shh-1024x683.jpg 1024w,https:\/\/icdn.football-italia.net\/wp-content\/uploads\/2026\/04\/Scott-McTominay-shh.jpg 1200w\" data-sizes=\"(min-width:1665px) 1155px, (min-width:768px) 69vw, (min-width:576px) 60vw, 92vw\" style=\"aspect-ratio:1200\/800;max-width:1200px\"\/><figcaption id=\"caption-attachment-951420\" class=\"wp-caption-text\">PARMA, ITALY \u2013 APRIL 12: Scott McTominay of Napoli SSC reacts during the Serie A match between Parma Calcio 1913 and SSC Napoli at Stadio Ennio Tardini on April 12, 2026 in Parma, Italy. (Photo by Emmanuele Ciancaglini\/Getty Images)<\/figcaption><\/figure>\n<h2>Nainggolan: I was better than McTominay &amp; Calhanoglu<\/h2>\n<p>The Belgian did not stop there, comparing himself to a range of midfielders past and present. \u201cAt my peak I was better than him and Hakan \u00c7alhano\u011flu, but I put Nicol\u00f2 Barella above myself. He doesn\u2019t always score many goals, but when he does they are important, and you can always feel the difference when he plays.\u201d<\/p>\n<p>He added: \u201cI really like Kevin De Bruyne, he sees things others don\u2019t. I\u2019d put him above me. And if you mention Luka Modri\u0107\u2026 he has always been one of the best in the world.\u201d<\/p>\n<p>Nainggolan also reflected on Serie A, insisting Inter\u2019s title win came as no surprise.<\/p>\n<p>\u201cIf you asked me at the start of the season, I would always have said Inter. They have the strongest squad and play the best football. Napoli and Milan got close, but they don\u2019t have the same consistency.\u201d<\/p>\n<figure id=\"attachment_951412\" aria-describedby=\"caption-attachment-951412\" style=\"\" class=\"wp-caption alignnone\"><img loading=\"lazy\" decoding=\"async\" width=\"1200\" height=\"800\" src=\"https:\/\/icdn.football-italia.net\/wp-content\/uploads\/2026\/04\/Scott-McTominay-angry.jpg\" class=\"lazyload lazyload wp-image-951412 size-medium\" alt=\"PARMA, ITALY - APRIL 12: Scott McTominay of Napoli SSC reacts during the Serie A match between Parma Calcio 1913 and SSC Napoli at Stadio Ennio Tardini on April 12, 2026 in Parma, Italy. (Photo by Emmanuele Ciancaglini\/Getty Images)\" srcset=\"https:\/\/icdn.football-italia.net\/wp-content\/uploads\/2026\/04\/Scott-McTominay-angry-310x207.jpg 310w,https:\/\/icdn.football-italia.net\/wp-content\/uploads\/2026\/04\/Scott-McTominay-angry-320x213.jpg 320w,https:\/\/icdn.football-italia.net\/wp-content\/uploads\/2026\/04\/Scott-McTominay-angry-414x276.jpg 414w,https:\/\/icdn.football-italia.net\/wp-content\/uploads\/2026\/04\/Scott-McTominay-angry-630x420.jpg 630w,https:\/\/icdn.football-italia.net\/wp-content\/uploads\/2026\/04\/Scott-McTominay-angry-768x512.jpg 768w,https:\/\/icdn.football-italia.net\/wp-content\/uploads\/2026\/04\/Scott-McTominay-angry-770x513.jpg 770w,https:\/\/icdn.football-italia.net\/wp-content\/uploads\/2026\/04\/Scott-McTominay-angry-900x600.jpg 900w,https:\/\/icdn.football-italia.net\/wp-content\/uploads\/2026\/04\/Scott-McTominay-angry-1024x683.jpg 1024w,https:\/\/icdn.football-italia.net\/wp-content\/uploads\/2026\/04\/Scott-McTominay-angry.jpg 1200w\" data-sizes=\"(min-width:1665px) 1155px, (min-width:768px) 69vw, (min-width:576px) 60vw, 92vw\" style=\"aspect-ratio:1200\/800;max-width:1200px\"\/><figcaption id=\"caption-attachment-951412\" class=\"wp-caption-text\">PARMA, ITALY \u2013 APRIL 12: Scott McTominay of Napoli SSC reacts during the Serie A match between Parma Calcio 1913 and SSC Napoli at Stadio Ennio Tardini on April 12, 2026 in Parma, Italy. (Photo by Emmanuele Ciancaglini\/Getty Images)<\/figcaption><\/figure>\n<p>On Roma, he added: \u201cIt\u2019s difficult to judge them, they are inconsistent. I don\u2019t like the style of play, and with a player like Dybala you expect more games. Roma should never be outside the top four.\u201d<\/p>\n<p><!-- Article End -->                                &#13;<\/p>\n<nav class=\"navigation post-navigation\" aria-label=\"Posts\">&#13;<\/p>\n<h2 class=\"screen-reader-text\">Post navigation<\/h2>\n<p>&#13;<br \/>\n\t\t\t\t\t&#13;<br \/>\n\t\t\t\t<\/nav>\n<p>&#13;<br \/>\n\t\t\t\t                <\/article>\n<\/p><\/div>\n<p><br \/>\n<br \/><a><\/p>\n","protected":false},"excerpt":{"rendered":"<p>Radja Nainggolan of AS Roma gestures during the Serie A match between AS Roma and ACF Fiorentina at Stadio Olimpico on February 7, 2017 in Rome, Italy. (Photo by Paolo Bruno\/Getty Images ) &#13; Former Roma midfielder Radja Nainggolan has offered a characteristically outspoken take on Scott McTominay, questioning the Manchester United man\u2019s all-round quality [&hellip;]<\/p>\n","protected":false},"author":1,"featured_media":88862,"comment_status":"open","ping_status":"open","sticky":false,"template":"","format":"standard","meta":{"_daextam_enable_autolinks":"","jetpack_post_was_ever_published":false,"_jetpack_newsletter_access":"","_jetpack_dont_email_post_to_subs":false,"_jetpack_newsletter_tier_id":0,"_jetpack_memberships_contains_paywalled_content":false,"_jetpack_memberships_contains_paid_content":false,"footnotes":"","jetpack_publicize_message":"","jetpack_publicize_feature_enabled":true,"jetpack_social_post_already_shared":true,"jetpack_social_options":{"image_generator_settings":{"template":"highway","default_image_id":0,"font":"","enabled":false},"version":2}},"categories":[13],"tags":[],"class_list":["post-88861","post","type-post","status-publish","format-standard","has-post-thumbnail","hentry","category-football-transfers"],"jetpack_publicize_connections":[],"jetpack_featured_media_url":"https:\/\/diyhaven858.wasmer.app\/wp-content\/uploads\/2026\/05\/as-roma-v-acf-fiorentina-serie-a-1.jpg","jetpack_sharing_enabled":true,"jetpack-related-posts":[],"_links":{"self":[{"href":"https:\/\/diyhaven858.wasmer.app\/index.php\/wp-json\/wp\/v2\/posts\/88861","targetHints":{"allow":["GET"]}}],"collection":[{"href":"https:\/\/diyhaven858.wasmer.app\/index.php\/wp-json\/wp\/v2\/posts"}],"about":[{"href":"https:\/\/diyhaven858.wasmer.app\/index.php\/wp-json\/wp\/v2\/types\/post"}],"author":[{"embeddable":true,"href":"https:\/\/diyhaven858.wasmer.app\/index.php\/wp-json\/wp\/v2\/users\/1"}],"replies":[{"embeddable":true,"href":"https:\/\/diyhaven858.wasmer.app\/index.php\/wp-json\/wp\/v2\/comments?post=88861"}],"version-history":[{"count":0,"href":"https:\/\/diyhaven858.wasmer.app\/index.php\/wp-json\/wp\/v2\/posts\/88861\/revisions"}],"wp:featuredmedia":[{"embeddable":true,"href":"https:\/\/diyhaven858.wasmer.app\/index.php\/wp-json\/wp\/v2\/media\/88862"}],"wp:attachment":[{"href":"https:\/\/diyhaven858.wasmer.app\/index.php\/wp-json\/wp\/v2\/media?parent=88861"}],"wp:term":[{"taxonomy":"category","embeddable":true,"href":"https:\/\/diyhaven858.wasmer.app\/index.php\/wp-json\/wp\/v2\/categories?post=88861"},{"taxonomy":"post_tag","embeddable":true,"href":"https:\/\/diyhaven858.wasmer.app\/index.php\/wp-json\/wp\/v2\/tags?post=88861"}],"curies":[{"name":"wp","href":"https:\/\/api.w.org\/{rel}","templated":true}]}}